{"id":12067,"date":"2025-05-10T13:29:58","date_gmt":"2025-05-10T11:29:58","guid":{"rendered":"https:\/\/filter.eu\/filter-energy-conference-2025-solutions-today-for-a-smarter-tomorrow-2\/"},"modified":"2025-05-16T11:13:10","modified_gmt":"2025-05-16T09:13:10","slug":"filter-energy-conference-2025-solutions-today-for-a-smarter-tomorrow-2","status":"publish","type":"post","link":"https:\/\/filter.eu\/pl\/filter-energy-conference-2025-solutions-today-for-a-smarter-tomorrow-2\/","title":{"rendered":"FILTER KONFERECJA ENERGETYCZNA 2025: Solutions Today for a Smarter Tomorrow"},"content":{"rendered":"\n<p> Zapraszamy na drug\u0105 coroczn\u0105 konferencj\u0119 <a href=\"https:\/\/filter.eu\/energy-conference-2025\/\" data-type=\"link\" data-id=\"https:\/\/filter.eu\/energy-conference-2025\/\">FILTER Baltic &amp; Nordic Energy Conference<\/a>, kt\u00f3ra odb\u0119dzie si\u0119 16 pa\u017adziernika 2025 r. w <a href=\"https:\/\/t1venue.ee\/en\/\" data-type=\"link\" data-id=\"https:\/\/t1venue.ee\/en\/\">T1 Venue<\/a> w Tallinnie. To najwa\u017cniejsze wydarzenie, w kt\u00f3rym uczestnicz\u0105 wytw\u00f3rcy energii, liderzy przemys\u0142u i innowatorzy technologiczni z ca\u0142ego regionu ba\u0142tyckiego i nordyckiego. Opieraj\u0105c si\u0119 na sukcesie zesz\u0142orocznej konferencji, edycja 2025 po raz kolejny zapewni mo\u017cliwo\u015bci do dzielenia si\u0119 praktyczn\u0105 wiedz\u0105 specjalistyczn\u0105. Podzielimy si\u0119 z Pa\u0144stwem tak\u017ce rozwi\u0105zaniami dla inteligentniejszego wykorzystania energii w przemy\u015ble.<\/p>\n\n\n\n<p><a class=\"inline-block btn btn-primary-blue group hover:border-blue-200\" href=\"https:\/\/filter.eu\/energy-conference-2025\/\">Rejestracja Early Bird jest ju\u017c otwarta!<\/a><\/p>\n\n\n\n<h2 class=\"wp-block-heading\"><strong>Dlaczego warto wzi\u0105\u0107 udzia\u0142 w KONFERENCJI FILTER ENERGY?<\/strong><\/h2>\n\n\n\n<p>Kierunek sektora energetycznego zmienia si\u0119 szybko. Ro\u017cne bran\u017ce staj\u0105 w obliczu rosn\u0105cej presji na redukcj\u0119 emisji i optymalizacj\u0119 zu\u017cycia. Konferencja FILTER Energy zapewnia praktyczne wskaz\u00f3wki, jak skutecznie porusza\u0107 si\u0119 w trakcie zmian oraz po nich.<\/p>\n\n\n\n<p>Uczestnicy otrzymaj\u0105:<\/p>\n\n\n\n<ul class=\"wp-block-list\">\n<li>Wi\u0119dz\u0119 z zakresu poprawy efektywno\u015bci energetycznej i redukcji emisji<\/li>\n\n\n\n<li>Wgl\u0105d w rzeczywiste studia przypadk\u00f3w i najlepsze praktyki<\/li>\n\n\n\n<li>Ekspozycj\u0119 na najnowsze technologie rozwijaj\u0105ce przemys\u0142owe systemy energetyczne<\/li>\n\n\n\n<li>Mo\u017cliwo\u015bci nawi\u0105zywania kontakt\u00f3w z bran\u017cowcami, ekspertami i innowatorami<\/li>\n<\/ul>\n\n\n\n<h2 class=\"wp-block-heading\"><strong>Obszary zainteresowania, kt\u00f3re zostan\u0105 poruszone w roku 2025<\/strong><\/h2>\n\n\n\n<p>Temat tegorocznej konferencji <strong>\u201eSolutions today for a Smarter Tomorrow\u201d<\/strong> podkre\u015bla znaczenie wdra\u017cania skutecznych, wysoceefektywnych rozwi\u0105za\u0144 ju\u017c teraz, aby zapewni\u0107 bardziej zr\u00f3wnowa\u017con\u0105 i konkurencyjn\u0105 przysz\u0142o\u015b\u0107 przemys\u0142u. Konferencja b\u0119dzie eksplorowa\u0107 takie tematy, jak:<\/p>\n\n\n\n<p><strong>Regulacja sieci elektroenergetycznych i magazynowanie energii<\/strong><\/p>\n\n\n\n<ul class=\"wp-block-list\">\n<li>Kontrola cz\u0119stotliwo\u015bci sieci za pomoc\u0105 <a href=\"https:\/\/filter.eu\/pl\/produkty\/elektryczne-kotly-do-podgrzewania-wody\/\" data-type=\"link\" data-id=\"https:\/\/filter.eu\/pl\/produkty\/elektryczne-kotly-do-podgrzewania-wody\/\"><strong>kot\u0142\u00f3w elektrycznych<\/strong><\/a> <\/li>\n\n\n\n<li>Przysz\u0142o\u015bciow\u0105 rol\u0119 magazynowania energii w stabilizacji rynku i optymalizacji koszt\u00f3w energii<\/li>\n<\/ul>\n\n\n\n<p><strong>Dekarbonizacj\u0119 przemys\u0142u<\/strong><\/p>\n\n\n\n<ul class=\"wp-block-list\">\n<li>Dob\u00f3r <a href=\"https:\/\/filter.eu\/pl\/produkty\/przemyslowe-pompy-ciepla\/\" data-type=\"link\" data-id=\"https:\/\/filter.eu\/pl\/produkty\/przemyslowe-pompy-ciepla\/\">pomp ciep\u0142a<\/a> wysokotemperaturowych w przemy\u015ble<\/li>\n\n\n\n<li>Wybrane wnioski po dekarbonizacji od u\u017cytkownik\u00f3w ko\u0144cowych i tw\u00f3rc\u00f3w technologii<\/li>\n<\/ul>\n\n\n\n<p><strong>\u0141\u0105czenie i integracja <a href=\"https:\/\/filter.eu\/rozwi\u0105zania\/rozwiazania-energetyczne\/\" data-type=\"link\" data-id=\"https:\/\/filter.eu\/pl\/rozwi%C4%85zania\/rozwiazania-energetyczne\/\">system\u00f3w energetycznych<\/a><\/strong><\/p>\n\n\n\n<ul class=\"wp-block-list\">\n<li>Wykorzystanie ciep\u0142a i energii odpadowej poprzez integracj\u0119 sektor\u00f3w<\/li>\n\n\n\n<li>\u0141\u0105czenie system\u00f3w energii elektrycznej, ciep\u0142a i proces\u00f3w w celu uzyskania wy\u017cszej wydajno\u015bci<\/li>\n<\/ul>\n\n\n\n<p><strong>Optymalizacj\u0119 urz\u0105dze\u0144 i ich wydajno\u015bci<\/strong><\/p>\n\n\n\n<ul class=\"wp-block-list\">\n<li>Popraw\u0119 wydajno\u015bci i niezawodno\u015bci silnik\u00f3w gazowych<\/li>\n\n\n\n<li>M\u0105dre inwestowanie \u2014 wyb\u00f3r mi\u0119dzy odnawialnymi \u017ar\u00f3d\u0142ami energii, magazynowaniem lub ulepszeniami efektywno\u015bci energetycznej<\/li>\n<\/ul>\n\n\n\n<h2 class=\"wp-block-heading\"><strong>Kluczowe pytania, kt\u00f3re pojawi\u0105 si\u0119 w trakcie konferencji:<\/strong><\/h2>\n\n\n\n<ul class=\"wp-block-list\">\n<li>Jakie s\u0105 najbardziej realistyczne strategie, kt\u00f3re bran\u017ce mog\u0105 je stosowa\u0107 ju\u017c dzi\u015b, aby ograniczy\u0107 emisje?<\/li>\n\n\n\n<li>W jaki spos\u00f3b technologie lokalne, takie jak magazynowanie energii i pompy ciep\u0142a, mog\u0105 wspiera\u0107 cele dotycz\u0105ce emisji dwutlenku w\u0119gla?<\/li>\n\n\n\n<li>Jakie inwestycje zapewniaj\u0105 najlepszy zwrot na dzisiejszym niestabilnym rynku energii?<\/li>\n\n\n\n<li>W jaki spos\u00f3b mo\u017cna zapewni\u0107 niezawodno\u015b\u0107 sieci w przysz\u0142o\u015bci zdominowanej przez energi\u0119 odnawialn\u0105?<\/li>\n\n\n\n<li>Jaka jest rola nowych technologii we wspieraniu dzia\u0142alno\u015bci przemys\u0142owej?<\/li>\n<\/ul>\n\n\n\n<h2 class=\"wp-block-heading\"><strong><strong>Prelegenci &#8211; eksperci i praktyczne studia przypadk\u00f3w<\/strong><\/strong><\/h2>\n\n\n\n<p>Na konferencji wyst\u0105pi\u0105 prelegenci, tacy jak producenci sprz\u0119tu, operatorzy zak\u0142ad\u00f3w, tw\u00f3rcy technologii i liderzy bada\u0144. Studia przypadk\u00f3w zapewni\u0105 uczestnikom jasne zrozumienie, jak wschodz\u0105ce technologie dzia\u0142aj\u0105 w rzeczywistych warunkach operacyjnych.<\/p>\n\n\n\n<p><a class=\"inline-block btn btn-primary-blue group hover:border-blue-200\" href=\"https:\/\/filter.eu\/energy-conference-2025\/\"><strong>Prelegenci-eksperci<\/strong><\/a><\/p>\n\n\n\n<h2 class=\"wp-block-heading\"><strong><strong>Wzmocnienie wsp\u00f3\u0142pracy regionalnej<\/strong><\/strong><\/h2>\n\n\n\n<p>Uczestnicy b\u0119d\u0105 mieli okazj\u0119 nawi\u0105za\u0107 kontakty z profesjonalistami z ca\u0142ego regionu ba\u0142tyckiego i nordyckiego. Obejmuje to przedstawicieli firm energetycznych, przemys\u0142u ci\u0119\u017ckiego, konsultingu i organizacji sektora publicznego skupionych na zr\u00f3wnowa\u017conym rozwoju i transformacji energetycznej.<\/p>\n\n\n\n<h2 class=\"wp-block-heading\"><strong><strong>Retrospekcja: kluczowe wnioski z Ba\u0142tyckiej Konferencji Energetycznej 2024<\/strong><\/strong><\/h2>\n\n\n\n<p>Poprzednia konferencja, kt\u00f3ra odby\u0142a si\u0119 pod has\u0142em<strong> \u201eLife After Change\u201d,<\/strong> zgromadzi\u0142a ponad 120 uczestnik\u00f3w i skupi\u0142a si\u0119 na kluczowych tematach, takich jak:<\/p>\n\n\n\n<ul class=\"wp-block-list\">\n<li>Integracja energii s\u0142onecznej, wdra\u017canie pomp ciep\u0142a i optymalizacja silnik\u00f3w gazowych<\/li>\n\n\n\n<li>Mo\u017cliwo\u015bci ekonomiczne wynikaj\u0105ce z transformacji energetycznej<\/li>\n\n\n\n<li>Strategie inwestycyjne na rzecz niskoemisyjnej transformacji przemys\u0142owej<\/li>\n\n\n\n<li>Wyzwania dla ca\u0142ego sektora po synchronizacji i rosn\u0105cej elektryfikacji<\/li>\n<\/ul>\n\n\n\n<p>Dyskusje te po\u0142o\u017cy\u0142y podwaliny pod tegoroczny rozszerzony program, kt\u00f3ry jeszcze bardziej zag\u0142\u0119bi si\u0119 we wdra\u017canie technologii i adaptacj\u0119 rynku.<\/p>\n\n\n\n<p><a class=\"inline-block btn btn-primary-blue group hover:border-blue 200\" href=\"https:\/\/filter.eu\/pl\/transitioning-to-a-sustainable-future-life-after-change\/\"><strong>Ba\u0142tycka Konferencja Energetyczna 2024<\/strong><\/a><\/p>\n\n\n\n<figure class=\"wp-block-image size-full\"><img decoding=\"async\" width=\"2560\" height=\"1703\" src=\"https:\/\/filter.eu\/wp-content\/uploads\/2025\/05\/filter-energy-conference-12-09-24-179-1.jpg\" alt=\"\" class=\"wp-image-12014\" srcset=\"https:\/\/filter.eu\/wp-content\/uploads\/2025\/05\/filter-energy-conference-12-09-24-179-1.jpg 2560w, https:\/\/filter.eu\/wp-content\/uploads\/2025\/05\/filter-energy-conference-12-09-24-179-1-1024x681.jpg 1024w, https:\/\/filter.eu\/wp-content\/uploads\/2025\/05\/filter-energy-conference-12-09-24-179-1-768x511.jpg 768w, https:\/\/filter.eu\/wp-content\/uploads\/2025\/05\/filter-energy-conference-12-09-24-179-1-1536x1022.jpg 1536w, https:\/\/filter.eu\/wp-content\/uploads\/2025\/05\/filter-energy-conference-12-09-24-179-1-2048x1362.jpg 2048w\" sizes=\"(max-width: 2560px) 100vw, 2560px\" \/><figcaption class=\"wp-element-caption\">12.09.2024. FILTER Baltic Energy Conference. &#8222;Life after change.&#8221; <\/figcaption><\/figure>\n\n\n\n<h2 class=\"wp-block-heading\"><strong>Zarejestruj si\u0119 wcze\u015bniej, aby zapewni\u0107 sobie miejsce<\/strong><\/h2>\n\n\n\n<p>Nie przegap tej okazji, aby wzi\u0105\u0107 udzia\u0142 w wiod\u0105cym wydarzeniu przemys\u0142owym w regionie. Do\u0142\u0105cz do FILTER i naszych partner\u00f3w w dyskusji na temat przysz\u0142o\u015bci energii \u2014 poprzez innowacje, wsp\u00f3\u0142prac\u0119 i dzia\u0142anie.<\/p>\n\n\n\n<p><a class=\"inline-block btn btn-primary-blue group hover:border-blue-200\" href=\"https:\/\/filter.eu\/energy-conference-2025\/\"><strong>Agenda&amp;bilety<\/strong><\/a><\/p>\n\n\n\n<figure class=\"wp-block-image size-full\"><img decoding=\"async\" width=\"2560\" height=\"1832\" src=\"https:\/\/filter.eu\/wp-content\/uploads\/2025\/05\/filter-energy-conference-12-09-24-112.jpg\" alt=\"\" class=\"wp-image-12029\" srcset=\"https:\/\/filter.eu\/wp-content\/uploads\/2025\/05\/filter-energy-conference-12-09-24-112.jpg 2560w, https:\/\/filter.eu\/wp-content\/uploads\/2025\/05\/filter-energy-conference-12-09-24-112-1024x733.jpg 1024w, https:\/\/filter.eu\/wp-content\/uploads\/2025\/05\/filter-energy-conference-12-09-24-112-768x550.jpg 768w, https:\/\/filter.eu\/wp-content\/uploads\/2025\/05\/filter-energy-conference-12-09-24-112-1536x1099.jpg 1536w, https:\/\/filter.eu\/wp-content\/uploads\/2025\/05\/filter-energy-conference-12-09-24-112-2048x1466.jpg 2048w\" sizes=\"(max-width: 2560px) 100vw, 2560px\" \/><figcaption class=\"wp-element-caption\">12.09.2024. FILTER Baltic Energy Conference. &#8222;Life after change.&#8221; <\/figcaption><\/figure>\n\n\n\n<h2 class=\"wp-block-heading\"><strong><strong>O FILTER<\/strong><\/strong><\/h2>\n\n\n\n<p><a href=\"https:\/\/filter.eu\/pl\/\">FILTER<\/a> to mi\u0119dzynarodowa firma in\u017cynieryjna z ponad 30-letnim do\u015bwiadczeniem w dostarczaniu zaawansowanych rozwi\u0105za\u0144 energetycznych i wodnych. Dzi\u0119ki kompleksowej ofercie technologii i us\u0142ug FILTER jest dobrze przygotowany do wspierania klient\u00f3w przemys\u0142owych w ich przej\u015bciu na bardziej ekologiczne i zr\u00f3wnowa\u017cone dzia\u0142ania. Nasz\u0105 misj\u0105 jest dostarczanie praktycznych, gotowych rozwi\u0105za\u0144 przysz\u0142o\u015bciowych, kt\u00f3re zwi\u0119kszaj\u0105 wydajno\u015b\u0107, zmniejszaj\u0105 emisje.<\/p>\n\n\n\n<p><\/p>\n","protected":false},"excerpt":{"rendered":"<p>Zapraszamy na drug\u0105 coroczn\u0105 konferencj\u0119 FILTER Baltic &amp; Nordic Energy Conference, kt\u00f3ra odb\u0119dzie si\u0119 16 pa\u017adziernika 2025 r. w T1 Venue w Tallinnie. To najwa\u017cniejsze wydarzenie, w kt\u00f3rym uczestnicz\u0105 wytw\u00f3rcy energii, liderzy przemys\u0142u i innowatorzy technologiczni z ca\u0142ego regionu ba\u0142tyckiego i nordyckiego. Opieraj\u0105c si\u0119 na sukcesie zesz\u0142orocznej konferencji, edycja 2025 po raz kolejny zapewni mo\u017cliwo\u015bci [&hellip;]<\/p>\n","protected":false},"author":6,"featured_media":11996,"comment_status":"closed","ping_status":"closed","sticky":false,"template":"","format":"standard","meta":{"_acf_changed":false,"inline_featured_image":false,"footnotes":""},"categories":[53],"tags":[436,437],"solution_type":[80,110],"class_list":["post-12067","post","type-post","status-publish","format-standard","has-post-thumbnail","hentry","category-aktualnosci","tag-energyefficiency-pl","tag-filterenergyconference-pl","solution_type-rozwiazania-energetyczne","solution_type-rozwiazania-w-zakresie-pompowania-i-uzdatniania-wody"],"acf":[],"_links":{"self":[{"href":"https:\/\/filter.eu\/pl\/wp-json\/wp\/v2\/posts\/12067","targetHints":{"allow":["GET"]}}],"collection":[{"href":"https:\/\/filter.eu\/pl\/wp-json\/wp\/v2\/posts"}],"about":[{"href":"https:\/\/filter.eu\/pl\/wp-json\/wp\/v2\/types\/post"}],"author":[{"embeddable":true,"href":"https:\/\/filter.eu\/pl\/wp-json\/wp\/v2\/users\/6"}],"replies":[{"embeddable":true,"href":"https:\/\/filter.eu\/pl\/wp-json\/wp\/v2\/comments?post=12067"}],"version-history":[{"count":6,"href":"https:\/\/filter.eu\/pl\/wp-json\/wp\/v2\/posts\/12067\/revisions"}],"predecessor-version":[{"id":12183,"href":"https:\/\/filter.eu\/pl\/wp-json\/wp\/v2\/posts\/12067\/revisions\/12183"}],"wp:featuredmedia":[{"embeddable":true,"href":"https:\/\/filter.eu\/pl\/wp-json\/wp\/v2\/media\/11996"}],"wp:attachment":[{"href":"https:\/\/filter.eu\/pl\/wp-json\/wp\/v2\/media?parent=12067"}],"wp:term":[{"taxonomy":"category","embeddable":true,"href":"https:\/\/filter.eu\/pl\/wp-json\/wp\/v2\/categories?post=12067"},{"taxonomy":"post_tag","embeddable":true,"href":"https:\/\/filter.eu\/pl\/wp-json\/wp\/v2\/tags?post=12067"},{"taxonomy":"solution_type","embeddable":true,"href":"https:\/\/filter.eu\/pl\/wp-json\/wp\/v2\/solution_type?post=12067"}],"curies":[{"name":"wp","href":"https:\/\/api.w.org\/{rel}","templated":true}]}}